{"id":7743,"date":"2024-03-12T18:52:51","date_gmt":"2024-03-12T17:52:51","guid":{"rendered":"https:\/\/www.beesmile.fr\/?p=7743"},"modified":"2024-03-12T18:52:53","modified_gmt":"2024-03-12T17:52:53","slug":"faut-il-revoir-les-regles-de-teletravail","status":"publish","type":"post","link":"https:\/\/www.beesmile.fr\/index.php\/2024\/03\/12\/faut-il-revoir-les-regles-de-teletravail\/","title":{"rendered":"Faut-il revoir les r\u00e8gles de t\u00e9l\u00e9travail ?"},"content":{"rendered":"<div class=\"wp-block-image\">\n<figure class=\"aligncenter size-full\"><img fetchpriority=\"high\" decoding=\"async\" width=\"600\" height=\"384\" src=\"https:\/\/www.beesmile.fr\/wp-content\/uploads\/2024\/03\/1710265337164.jpg\" alt=\"\" class=\"wp-image-7746\" srcset=\"https:\/\/www.beesmile.fr\/wp-content\/uploads\/2024\/03\/1710265337164.jpg 600w, https:\/\/www.beesmile.fr\/wp-content\/uploads\/2024\/03\/1710265337164-300x192.jpg 300w\" sizes=\"(max-width: 600px) 100vw, 600px\" \/><\/figure>\n<\/div>\n\n\n<div style=\"height:41px\" aria-hidden=\"true\" class=\"wp-block-spacer\"><\/div>\n\n\n\n<p>A l&rsquo;heure o\u00f9 certaines entreprises tentent de revisiter <strong>leur accord cadre de T\u00e9l\u00e9travail<\/strong>, l&rsquo;apec met en exergue la fa\u00e7on dont le travail s&rsquo;est transform\u00e9 en profondeur en si peu de temps. Tout est dans l&rsquo;\u00e9quilibre pour satisfaire les salari\u00e9s sans perdre le lien avec eux et les conserver durablement engag\u00e9s.<\/p>\n\n\n\n<blockquote class=\"wp-block-quote is-layout-flow wp-block-quote-is-layout-flow\">\n<p>\u00ab\u00a0Aujourd\u2019hui, un retour en arri\u00e8re vers le tout pr\u00e9sentiel n\u2019apparait pas imaginable et les entreprises qui seraient tent\u00e9es d\u2019imposer ce format risqueraient de voir partir ailleurs leurs meilleurs talents. Le t\u00e9l\u00e9travail n\u2019est plus une r\u00e9ponse conjoncturelle \u00e0 une crise, c\u2019est devenu une composante structurelle de l\u2019organisation du travail.\u00a0\u00bb<\/p>\n\n\n\n<p>Gilles Gateau, directeur g\u00e9n\u00e9ral de l&rsquo;Apec<\/p>\n<\/blockquote>\n\n\n\n<p><strong>La grande majorit\u00e9 des cadres satisfaits du t\u00e9l\u00e9travail<\/strong><\/p>\n\n\n\n<p>Pour les cadres, le t\u00e9l\u00e9travail n\u2019est plus une option mais un acquis et rejoindre une entreprise qui ne propose pas le t\u00e9l\u00e9travail serait r\u00e9dhibitoire pour la moiti\u00e9 d\u2019entre eux (51 %).<br>8 cadres sur 10 actuellement t\u00e9l\u00e9travailleurs (82 %) seraient m\u00e9contents si leur entreprise supprimait l\u2019acc\u00e8s au t\u00e9l\u00e9travail. Pour 45 % d\u2019entre eux, cela les pousserait m\u00eame disent-ils \u00e0 changer d\u2019entreprise (une part qui monte \u00e0 57 % chez les cadres de moins de 35 ans).<br>Le t\u00e9l\u00e9travail continue de se diffuser au sein de toutes les entreprises,y compris les plus petites : la part des cadres en t\u00e9l\u00e9travail r\u00e9gulier est de 54 % au sein des TPE (et de 74 % pour les grandes entreprises).<\/p>\n\n\n\n<p>Si le t\u00e9l\u00e9travail est tr\u00e8s largement appr\u00e9ci\u00e9 par les cadres, une part notable d\u2019entre eux rel\u00e8ve avec lucidit\u00e9 des limites \u00e0 ce type d\u2019organisation. Les t\u00e9l\u00e9travailleurs estiment qu\u2019il comporte des effets n\u00e9gatifs dus \u00e0 la r\u00e9duction des interactions et qu\u2019il p\u00e9nalise in fine la coh\u00e9sion entre les membres des \u00e9quipes :<\/p>\n\n\n\n<p>\u2022 48 % expriment qu\u2019il est plus difficile de s\u2019int\u00e9grer ou d\u2019int\u00e9grer une ou un nouveau salari\u00e9 \u00e0 une entreprise.<br>\u2022 46 % d\u2019entre eux estiment pouvoir moins pouvoir apprendre de leurs coll\u00e8gues.<br>\u2022 41 % affirment m\u00eame ressentir un sentiment d\u2019isolement, un manque d\u2019interactions avec leurs coll\u00e8gues de travail ou leurs clients.<\/p>\n\n\n\n<p>De plus, le t\u00e9l\u00e9travail a pu brouiller un peu plus les fronti\u00e8res entre les sph\u00e8res professionnelle et personnelle avec 4 cadres t\u00e9l\u00e9travailleurs sur 10 qui affirment avoir des difficult\u00e9s \u00e0 s\u00e9parer sa vie professionnelle de sa vie personnelle.<\/p>\n\n\n\n<p>Enfin, une part notable des cadres \u2013 en particulier les cadres les plus jeunes &#8211; craint que le t\u00e9l\u00e9travail n\u2019entrave leur \u00e9volution professionnelle :<br>\u2022 39 % d\u2019entre eux craignent de rater des informations importantes (49 % pourles jeunes cadres)<br>\u2022 34 % des cadres ont l\u2019impression que leur manager ne voit plus ou moins leur charge de travail et difficult\u00e9s (46 % pour les jeunes cadres)<br>\u2022 23 % des cadres ont davantage de difficult\u00e9s \u00e0 demander de l\u2019aide \u00e0 leurs coll\u00e8gues (33 % pour les jeunes cadres).<\/p>\n\n\n\n<p><\/p>\n\n\n\n<p>Retrouvez le d\u00e9tail de l&rsquo;\u00e9tude en ligne :<\/p>\n\n\n\n<p><a href=\"https:\/\/corporate.apec.fr\/home\/espace-medias\/teletravail-des-cadres-un-retour-en-arriere-impensable.html\">https:\/\/corporate.apec.fr\/home\/espace-medias\/teletravail-des-cadres-un-retour-en-arriere-impensable.html<\/a><\/p>\n\n\n\n<p><strong>#teletravail<\/strong> <strong>#engagement<\/strong> <strong>#fid\u00e9lit\u00e9<\/strong> <strong>#organisation<\/strong><\/p>\n","protected":false},"excerpt":{"rendered":"<p>A l&rsquo;heure o\u00f9 certaines entreprises tentent de revisiter leur accord cadre de T\u00e9l\u00e9travail, l&rsquo;apec met en exergue la fa\u00e7on dont le travail s&rsquo;est transform\u00e9 en profondeur en si peu de temps. Tout est dans l&rsquo;\u00e9quilibre pour satisfaire les salari\u00e9s sans perdre le lien avec eux et les conserver durablement engag\u00e9s. \u00ab\u00a0Aujourd\u2019hui, un retour en arri\u00e8re&hellip;&nbsp;<\/p>\n","protected":false},"author":1,"featured_media":7746,"comment_status":"open","ping_status":"open","sticky":false,"template":"","format":"standard","meta":{"_acf_changed":false,"_seopress_robots_primary_cat":"none","_seopress_titles_title":"","_seopress_titles_desc":"","_seopress_robots_index":"","neve_meta_sidebar":"","neve_meta_container":"","neve_meta_enable_content_width":"","neve_meta_content_width":0,"neve_meta_title_alignment":"","neve_meta_author_avatar":"","neve_post_elements_order":"","neve_meta_disable_header":"","neve_meta_disable_footer":"","neve_meta_disable_title":"","_themeisle_gutenberg_block_has_review":false,"footnotes":""},"categories":[3,6,7],"tags":[],"class_list":["post-7743","post","type-post","status-publish","format-standard","has-post-thumbnail","hentry","category-etudes-qualite-de-vie-travail","category-tendances","category-blog"],"acf":[],"_links":{"self":[{"href":"https:\/\/www.beesmile.fr\/index.php\/wp-json\/wp\/v2\/posts\/7743","targetHints":{"allow":["GET"]}}],"collection":[{"href":"https:\/\/www.beesmile.fr\/index.php\/wp-json\/wp\/v2\/posts"}],"about":[{"href":"https:\/\/www.beesmile.fr\/index.php\/wp-json\/wp\/v2\/types\/post"}],"author":[{"embeddable":true,"href":"https:\/\/www.beesmile.fr\/index.php\/wp-json\/wp\/v2\/users\/1"}],"replies":[{"embeddable":true,"href":"https:\/\/www.beesmile.fr\/index.php\/wp-json\/wp\/v2\/comments?post=7743"}],"version-history":[{"count":2,"href":"https:\/\/www.beesmile.fr\/index.php\/wp-json\/wp\/v2\/posts\/7743\/revisions"}],"predecessor-version":[{"id":7748,"href":"https:\/\/www.beesmile.fr\/index.php\/wp-json\/wp\/v2\/posts\/7743\/revisions\/7748"}],"wp:featuredmedia":[{"embeddable":true,"href":"https:\/\/www.beesmile.fr\/index.php\/wp-json\/wp\/v2\/media\/7746"}],"wp:attachment":[{"href":"https:\/\/www.beesmile.fr\/index.php\/wp-json\/wp\/v2\/media?parent=7743"}],"wp:term":[{"taxonomy":"category","embeddable":true,"href":"https:\/\/www.beesmile.fr\/index.php\/wp-json\/wp\/v2\/categories?post=7743"},{"taxonomy":"post_tag","embeddable":true,"href":"https:\/\/www.beesmile.fr\/index.php\/wp-json\/wp\/v2\/tags?post=7743"}],"curies":[{"name":"wp","href":"https:\/\/api.w.org\/{rel}","templated":true}]}}