{"id":8993,"date":"2025-12-08T16:32:18","date_gmt":"2025-12-08T15:32:18","guid":{"rendered":"https:\/\/www.beesmile.fr\/?p=8993"},"modified":"2025-12-08T16:32:18","modified_gmt":"2025-12-08T15:32:18","slug":"un-seminaire-riche-de-sens","status":"publish","type":"post","link":"https:\/\/www.beesmile.fr\/index.php\/2025\/12\/08\/un-seminaire-riche-de-sens\/","title":{"rendered":"Un s\u00e9minaire riche de sens !"},"content":{"rendered":"<div class=\"wp-block-image\">\n<figure class=\"aligncenter size-full\"><img fetchpriority=\"high\" decoding=\"async\" width=\"700\" height=\"524\" src=\"https:\/\/www.beesmile.fr\/wp-content\/uploads\/2025\/12\/IMG_5836_resultat.jpg\" alt=\"\" class=\"wp-image-8996\" srcset=\"https:\/\/www.beesmile.fr\/wp-content\/uploads\/2025\/12\/IMG_5836_resultat.jpg 700w, https:\/\/www.beesmile.fr\/wp-content\/uploads\/2025\/12\/IMG_5836_resultat-300x225.jpg 300w, https:\/\/www.beesmile.fr\/wp-content\/uploads\/2025\/12\/IMG_5836_resultat-285x214.jpg 285w\" sizes=\"(max-width: 700px) 100vw, 700px\" \/><\/figure>\n<\/div>\n\n\n<p>\ud83d\ude80 <a href=\"https:\/\/www.linkedin.com\/company\/bee-smile\/\">BEE Smile<\/a> \u00e9tait aux commandes d\u2019un grand s\u00e9minaire de 2 jours pour le lancement du r\u00e9seau national des formateurs de <a href=\"https:\/\/www.linkedin.com\/company\/la-voix-formation\/\">LA VOIX FORMATION<\/a> !<\/p>\n\n\n\n<p>De quoi s&rsquo;agissait-il ? David Fontanier d\u00e9veloppe son offre de formation \u00e0 la prise de parole en public \u00e0 travers l&rsquo;ensemble du territoire national en s&rsquo;appuyant sur des formateurs aguerris \u00e0 sa m\u00e9thode. Il a fait appel \u00e0 BEE Smile pour cl\u00f4turer la 1iere promotion de formateurs nationaux. <\/p>\n\n\n\n<p>Nous lui avons propos\u00e9 d&rsquo;animer 4 ateliers pr\u00e9paratoires en visio pour cr\u00e9er des contenus et travailler sur la coh\u00e9sion des formateurs. 4 ateliers de deux heures anim\u00e9s dans les deux mois qui ont pr\u00e9c\u00e9d\u00e9 et qui ont amen\u00e9 chacun des participants \u00e0 pr\u00e9parer des prises de paroles en public pour le s\u00e9minaire en pr\u00e9sentiel en novembre 2025. <\/p>\n\n\n\n<p>Un programme riche, construit en amont gr\u00e2ce \u00e0 4 ateliers pr\u00e9paratoires en visio qui ont permis de produire des contenus solides et inspirants autour de la prise de parole en public :<br>\ud83c\udfa4 Les 7 forces des formateurs \u2192 7 pitchs puissants<br>\ud83c\udfaf Les 8 niches de la prise de parole \u2192 8 pitchs percutants<br>\ud83d\udee0\ufe0f Comment proposer une session de formation \u00e0 la prise de parole en public ?<br>\ud83d\udcaa Mieux dominer les inqui\u00e9tudes du formateur : techniques, bonnes pratiques et partage d\u2019exp\u00e9riences<br><\/p>\n\n\n\n<p>Pendant 2 jours, ces contenus ont \u00e9t\u00e9 rythm\u00e9s par :<br>\ud83e\udd1d de vrais moments de convivialit\u00e9,<br>\ud83c\udf3f deux team buildings pens\u00e9s pour cr\u00e9er du lien, un rallye gourmand dans Bordeaux et un jeu en VR tr\u00e8s immersif,<br>\u2728 et une belle dynamique collective pour renforcer la coh\u00e9sion du groupe.<\/p>\n\n\n\n<p>Au vu de l\u2019ambiance, de l\u2019\u00e9nergie et de l\u2019engagement de tous, on pense que les objectifs ont \u00e9t\u00e9 atteints !<br>Merci \u00e0 toute l\u2019\u00e9quipe de LA VOIX FORMATION pour sa confiance \ud83d\ude4f<\/p>\n\n\n\n<p>Voil\u00e0 un bel exemple de s\u00e9minaire \u00ab\u00a0exp\u00e9rience\u00a0\u00bb o\u00f9 chacun trouve sa place et fait partie int\u00e9grante de l&rsquo;animation. <\/p>\n\n\n\n<p>Et vous, c&rsquo;est quand votre prochain s\u00e9minaire ? <\/p>\n","protected":false},"excerpt":{"rendered":"<p>\ud83d\ude80 BEE Smile \u00e9tait aux commandes d\u2019un grand s\u00e9minaire de 2 jours pour le lancement du r\u00e9seau national des formateurs de LA VOIX FORMATION ! De quoi s&rsquo;agissait-il ? David Fontanier d\u00e9veloppe son offre de formation \u00e0 la prise de parole en public \u00e0 travers l&rsquo;ensemble du territoire national en s&rsquo;appuyant sur des formateurs aguerris&hellip;&nbsp;<\/p>\n","protected":false},"author":1,"featured_media":8996,"comment_status":"open","ping_status":"open","sticky":false,"template":"","format":"standard","meta":{"_acf_changed":false,"_seopress_robots_primary_cat":"none","_seopress_titles_title":"","_seopress_titles_desc":"","_seopress_robots_index":"","neve_meta_sidebar":"","neve_meta_container":"","neve_meta_enable_content_width":"","neve_meta_content_width":0,"neve_meta_title_alignment":"","neve_meta_author_avatar":"","neve_post_elements_order":"","neve_meta_disable_header":"","neve_meta_disable_footer":"","neve_meta_disable_title":"","_themeisle_gutenberg_block_has_review":false,"footnotes":""},"categories":[5,4,6],"tags":[],"class_list":["post-8993","post","type-post","status-publish","format-standard","has-post-thumbnail","hentry","category-bordeaux","category-management","category-tendances"],"acf":[],"_links":{"self":[{"href":"https:\/\/www.beesmile.fr\/index.php\/wp-json\/wp\/v2\/posts\/8993","targetHints":{"allow":["GET"]}}],"collection":[{"href":"https:\/\/www.beesmile.fr\/index.php\/wp-json\/wp\/v2\/posts"}],"about":[{"href":"https:\/\/www.beesmile.fr\/index.php\/wp-json\/wp\/v2\/types\/post"}],"author":[{"embeddable":true,"href":"https:\/\/www.beesmile.fr\/index.php\/wp-json\/wp\/v2\/users\/1"}],"replies":[{"embeddable":true,"href":"https:\/\/www.beesmile.fr\/index.php\/wp-json\/wp\/v2\/comments?post=8993"}],"version-history":[{"count":1,"href":"https:\/\/www.beesmile.fr\/index.php\/wp-json\/wp\/v2\/posts\/8993\/revisions"}],"predecessor-version":[{"id":8997,"href":"https:\/\/www.beesmile.fr\/index.php\/wp-json\/wp\/v2\/posts\/8993\/revisions\/8997"}],"wp:featuredmedia":[{"embeddable":true,"href":"https:\/\/www.beesmile.fr\/index.php\/wp-json\/wp\/v2\/media\/8996"}],"wp:attachment":[{"href":"https:\/\/www.beesmile.fr\/index.php\/wp-json\/wp\/v2\/media?parent=8993"}],"wp:term":[{"taxonomy":"category","embeddable":true,"href":"https:\/\/www.beesmile.fr\/index.php\/wp-json\/wp\/v2\/categories?post=8993"},{"taxonomy":"post_tag","embeddable":true,"href":"https:\/\/www.beesmile.fr\/index.php\/wp-json\/wp\/v2\/tags?post=8993"}],"curies":[{"name":"wp","href":"https:\/\/api.w.org\/{rel}","templated":true}]}}